{"id":1953,"date":"2026-05-22T08:48:19","date_gmt":"2026-05-22T11:48:19","guid":{"rendered":"https:\/\/www.geomap.com.ar\/?p=1953"},"modified":"2026-05-28T08:52:09","modified_gmt":"2026-05-28T11:52:09","slug":"geomap-s-a-acompana-a-ppsa-en-curso-gerencial-en-salta","status":"publish","type":"post","link":"https:\/\/geomap.com.ar\/en\/geomap-s-a-acompana-a-ppsa-en-curso-gerencial-en-salta\/","title":{"rendered":"GEOMAP S.A. acompa\u00f1a a PPSA en curso gerencial en Salta"},"content":{"rendered":"\n<p class=\"wp-block-paragraph\">Recientemente, GEOMAP S.A. tuvo el agrado de brindar un Curso de Campo Gerencial en Salta, Argentina, junto al equipo de PPSA \u2013 Pr\u00e9-Sal Petr\u00f3leo S.A., enfocado en sistemas carbon\u00e1ticos an\u00e1logos al Pr\u00e9-Sal, especialmente en la Cuencas de Santos y Campos, offshore Brasil.<\/p>\n\n\n\n<p class=\"wp-block-paragraph\">La capacitaci\u00f3n combin\u00f3 actividades de campo y sesiones t\u00e9cnicas orientadas a la comprensi\u00f3n estratigr\u00e1fica y sedimentol\u00f3gica de reservorios carbon\u00e1ticos, incluyendo la observaci\u00f3n directa de afloramientos y estructuras microbiales-estromatol\u00edticas en la regi\u00f3n de Cabra Corral.<\/p>\n\n\n\n<p class=\"wp-block-paragraph\">Esta experiencia formativa permiti\u00f3 contribuir al conocimiento aplicado a la gesti\u00f3n de reservas, procesos de gerenciamiento de la producci\u00f3n y toma de decisiones estrat\u00e9gicas en los activos en los que participa PPSA.<\/p>\n\n\n\n<p class=\"wp-block-paragraph\">Agradecemos a PPSA por la confianza, el intercambio t\u00e9cnico y la excelente predisposici\u00f3n de todo el equipo durante las jornadas de trabajo. Seguimos promoviendo espacios de capacitaci\u00f3n aplicada y cooperaci\u00f3n t\u00e9cnica internacional.<\/p>\n","protected":false},"excerpt":{"rendered":"<p>Recientemente, GEOMAP S.A. tuvo el agrado de brindar un Curso de Campo Gerencial en Salta, Argentina, junto al equipo de PPSA \u2013 Pr\u00e9-Sal Petr\u00f3leo S.A., enfocado en sistemas carbon\u00e1ticos an\u00e1logos al Pr\u00e9-Sal, especialmente en la Cuencas de Santos y Campos, offshore Brasil. La capacitaci\u00f3n combin\u00f3 actividades de campo y sesiones t\u00e9cnicas orientadas a la comprensi\u00f3n [&hellip;]<\/p>\n","protected":false},"author":5,"featured_media":1954,"comment_status":"closed","ping_status":"closed","sticky":false,"template":"","format":"standard","meta":{"footnotes":""},"categories":[36],"tags":[38,49],"class_list":["post-1953","post","type-post","status-publish","format-standard","has-post-thumbnail","hentry","category-novedades","tag-capacitacion","tag-ppsa"],"_links":{"self":[{"href":"https:\/\/geomap.com.ar\/en\/wp-json\/wp\/v2\/posts\/1953","targetHints":{"allow":["GET"]}}],"collection":[{"href":"https:\/\/geomap.com.ar\/en\/wp-json\/wp\/v2\/posts"}],"about":[{"href":"https:\/\/geomap.com.ar\/en\/wp-json\/wp\/v2\/types\/post"}],"author":[{"embeddable":true,"href":"https:\/\/geomap.com.ar\/en\/wp-json\/wp\/v2\/users\/5"}],"replies":[{"embeddable":true,"href":"https:\/\/geomap.com.ar\/en\/wp-json\/wp\/v2\/comments?post=1953"}],"version-history":[{"count":1,"href":"https:\/\/geomap.com.ar\/en\/wp-json\/wp\/v2\/posts\/1953\/revisions"}],"predecessor-version":[{"id":1955,"href":"https:\/\/geomap.com.ar\/en\/wp-json\/wp\/v2\/posts\/1953\/revisions\/1955"}],"wp:featuredmedia":[{"embeddable":true,"href":"https:\/\/geomap.com.ar\/en\/wp-json\/wp\/v2\/media\/1954"}],"wp:attachment":[{"href":"https:\/\/geomap.com.ar\/en\/wp-json\/wp\/v2\/media?parent=1953"}],"wp:term":[{"taxonomy":"category","embeddable":true,"href":"https:\/\/geomap.com.ar\/en\/wp-json\/wp\/v2\/categories?post=1953"},{"taxonomy":"post_tag","embeddable":true,"href":"https:\/\/geomap.com.ar\/en\/wp-json\/wp\/v2\/tags?post=1953"}],"curies":[{"name":"wp","href":"https:\/\/api.w.org\/{rel}","templated":true}]}}