{"id":1950,"date":"2026-05-07T08:41:12","date_gmt":"2026-05-07T11:41:12","guid":{"rendered":"https:\/\/www.geomap.com.ar\/?p=1950"},"modified":"2026-05-28T08:45:49","modified_gmt":"2026-05-28T11:45:49","slug":"geomap-s-a-presente-en-proexplo-2026","status":"publish","type":"post","link":"https:\/\/geomap.com.ar\/en\/geomap-s-a-presente-en-proexplo-2026\/","title":{"rendered":"GEOMAP S.A. presente en ProEXPLO 2026"},"content":{"rendered":"\n<p class=\"wp-block-paragraph\">Entre el 4 y el 6 de mayo, nuestro Director, Lic. Juan Ignacio Hern\u00e1ndez, particip\u00f3 del XV CONGRESO INTERNACIONAL DE PROSPECTORES Y EXPLORADORES &#8211; proEXPLO 2026, uno de los principales encuentros de exploraci\u00f3n minera de Latinoam\u00e9rica, realizado en Per\u00fa.<\/p>\n\n\n\n<p class=\"wp-block-paragraph\">Estos espacios representan una gran oportunidad para fortalecer v\u00ednculos, intercambiar experiencias y continuar acompa\u00f1ando el desarrollo de proyectos de exploraci\u00f3n y an\u00e1lisis geol\u00f3gico en la regi\u00f3n.<\/p>\n\n\n\n<p class=\"wp-block-paragraph\">Seguimos impulsando el trabajo colaborativo y la integraci\u00f3n t\u00e9cnica con la industria minera internacional.<\/p>\n","protected":false},"excerpt":{"rendered":"<p>Entre el 4 y el 6 de mayo, nuestro Director, Lic. Juan Ignacio Hern\u00e1ndez, particip\u00f3 del XV CONGRESO INTERNACIONAL DE PROSPECTORES Y EXPLORADORES &#8211; proEXPLO 2026, uno de los principales encuentros de exploraci\u00f3n minera de Latinoam\u00e9rica, realizado en Per\u00fa. Estos espacios representan una gran oportunidad para fortalecer v\u00ednculos, intercambiar experiencias y continuar acompa\u00f1ando el desarrollo [&hellip;]<\/p>\n","protected":false},"author":5,"featured_media":1951,"comment_status":"closed","ping_status":"closed","sticky":false,"template":"","format":"standard","meta":{"footnotes":""},"categories":[36],"tags":[46,48,47],"class_list":["post-1950","post","type-post","status-publish","format-standard","has-post-thumbnail","hentry","category-novedades","tag-evento","tag-peru","tag-proexplo"],"_links":{"self":[{"href":"https:\/\/geomap.com.ar\/en\/wp-json\/wp\/v2\/posts\/1950","targetHints":{"allow":["GET"]}}],"collection":[{"href":"https:\/\/geomap.com.ar\/en\/wp-json\/wp\/v2\/posts"}],"about":[{"href":"https:\/\/geomap.com.ar\/en\/wp-json\/wp\/v2\/types\/post"}],"author":[{"embeddable":true,"href":"https:\/\/geomap.com.ar\/en\/wp-json\/wp\/v2\/users\/5"}],"replies":[{"embeddable":true,"href":"https:\/\/geomap.com.ar\/en\/wp-json\/wp\/v2\/comments?post=1950"}],"version-history":[{"count":1,"href":"https:\/\/geomap.com.ar\/en\/wp-json\/wp\/v2\/posts\/1950\/revisions"}],"predecessor-version":[{"id":1952,"href":"https:\/\/geomap.com.ar\/en\/wp-json\/wp\/v2\/posts\/1950\/revisions\/1952"}],"wp:featuredmedia":[{"embeddable":true,"href":"https:\/\/geomap.com.ar\/en\/wp-json\/wp\/v2\/media\/1951"}],"wp:attachment":[{"href":"https:\/\/geomap.com.ar\/en\/wp-json\/wp\/v2\/media?parent=1950"}],"wp:term":[{"taxonomy":"category","embeddable":true,"href":"https:\/\/geomap.com.ar\/en\/wp-json\/wp\/v2\/categories?post=1950"},{"taxonomy":"post_tag","embeddable":true,"href":"https:\/\/geomap.com.ar\/en\/wp-json\/wp\/v2\/tags?post=1950"}],"curies":[{"name":"wp","href":"https:\/\/api.w.org\/{rel}","templated":true}]}}